{"id":183,"date":"2017-03-01T15:45:37","date_gmt":"2017-03-01T14:45:37","guid":{"rendered":"http:\/\/technik-akademie-tuebingen.de\/2017\/?p=183"},"modified":"2017-03-03T09:40:22","modified_gmt":"2017-03-03T08:40:22","slug":"technik-akademie-2017","status":"publish","type":"post","link":"https:\/\/technik-akademie-tuebingen.de\/2017\/technik-akademie-2017\/","title":{"rendered":"Technik-Akademie 2017"},"content":{"rendered":"<p style=\"font-size: 17px;\">Motivierte <img loading=\"lazy\" decoding=\"async\" class=\"size-full wp-image-223 alignleft\" src=\"http:\/\/technik-akademie-tuebingen.de\/2017\/wp-content\/uploads\/2017\/02\/logo.png\" alt=\"\" width=\"200\" height=\"133\" \/>und wissensbegierige Sch\u00fcler der 9. Klasse treffen sich hier, bei der Technik-Akademie in T\u00fcbingen. Ein Programm, das f\u00fcr Jugendliche aus dem Regierungsbezirk T\u00fcbingen organisiert wurde.<br \/>\nHier werden technische F\u00e4higkeiten, Kreativit\u00e4t und soziales Engagement gefordert. Die Sch\u00fcler hatten die M\u00f6glichkeit, bei der Bewerbung, zwischen acht verschiedenen Betrieben zu w\u00e4hlen und in einen dieser hinein zu schnuppern.<br \/>\nObwohl sich die Teilnehmer bei ihrer Ankunft nicht kannten, war der Bann schnell gebrochen und es herrschte bald eine lockere und gelassene Stimmung.<br \/>\nNeben der Arbeit in den Gruppen bekamen die Jugendlichen auch viel zu sehen. Beispielsweise die Sternewarte T\u00fcbingen, welche einen unglaublichen Blick in die die Weiten des Universums zeigte. Au\u00dferdem gab es noch viele weitere Dinge, die in T\u00fcbingen noch zu entdecken waren.<br \/>\nAuf dieser Website finden Sie genau, was alles erlebt und erarbeitet wurde.<\/p>\n<p>&nbsp;<br \/>\n<img loading=\"lazy\" decoding=\"async\" class=\" wp-image-835 alignleft\" src=\"http:\/\/technik-akademie-tuebingen.de\/2017\/wp-content\/uploads\/2017\/03\/aaGl\u00fcck-fertig1-300x280.jpg\" alt=\"\" width=\"272\" height=\"254\" srcset=\"https:\/\/technik-akademie-tuebingen.de\/2017\/wp-content\/uploads\/2017\/03\/aaGl\u00fcck-fertig1-300x280.jpg 300w, https:\/\/technik-akademie-tuebingen.de\/2017\/wp-content\/uploads\/2017\/03\/aaGl\u00fcck-fertig1-768x716.jpg 768w, https:\/\/technik-akademie-tuebingen.de\/2017\/wp-content\/uploads\/2017\/03\/aaGl\u00fcck-fertig1-1024x955.jpg 1024w, https:\/\/technik-akademie-tuebingen.de\/2017\/wp-content\/uploads\/2017\/03\/aaGl\u00fcck-fertig1-370x345.jpg 370w, https:\/\/technik-akademie-tuebingen.de\/2017\/wp-content\/uploads\/2017\/03\/aaGl\u00fcck-fertig1-1040x970.jpg 1040w\" sizes=\"auto, (max-width: 272px) 100vw, 272px\" \/><\/p>\n<p style=\"font-size: 17px;\"><strong>Akademieleiter:<\/strong><\/p>\n<p style=\"font-size: 17px;\">Name: Friedrich Gl\u00fcck<\/p>\n<p style=\"font-size: 17px;\">Alter: 48<\/p>\n<p style=\"font-size: 17px;\">Interessen\/Hobbies:<\/p>\n<p style=\"font-size: 17px;\">Filme, Naturwissenschaften<\/p>\n<p style=\"font-size: 17px;\">Lieblingswort: trivial<\/p>\n<p style=\"font-size: 17px;\">Beschreiben Sie sich in 3 Worten selber: Wissen ist Macht<\/p>\n","protected":false},"excerpt":{"rendered":"<p>Motivierte und wissensbegierige Sch\u00fcler der 9. Klasse treffen sich hier, bei der Technik-Akademie in T\u00fcbingen. Ein Programm, das f\u00fcr Jugendliche aus dem Regierungsbezirk T\u00fcbingen organisiert wurde. Hier werden technische F\u00e4higkeiten, Kreativit\u00e4t und soziales Engagement gefordert.[&#8230;]<\/p>\n","protected":false},"author":1,"featured_media":0,"comment_status":"open","ping_status":"open","sticky":false,"template":"","format":"standard","meta":{"footnotes":""},"categories":[11],"tags":[],"class_list":["post-183","post","type-post","status-publish","format-standard","hentry","category-technik-akademie"],"_links":{"self":[{"href":"https:\/\/technik-akademie-tuebingen.de\/2017\/wp-json\/wp\/v2\/posts\/183","targetHints":{"allow":["GET"]}}],"collection":[{"href":"https:\/\/technik-akademie-tuebingen.de\/2017\/wp-json\/wp\/v2\/posts"}],"about":[{"href":"https:\/\/technik-akademie-tuebingen.de\/2017\/wp-json\/wp\/v2\/types\/post"}],"author":[{"embeddable":true,"href":"https:\/\/technik-akademie-tuebingen.de\/2017\/wp-json\/wp\/v2\/users\/1"}],"replies":[{"embeddable":true,"href":"https:\/\/technik-akademie-tuebingen.de\/2017\/wp-json\/wp\/v2\/comments?post=183"}],"version-history":[{"count":25,"href":"https:\/\/technik-akademie-tuebingen.de\/2017\/wp-json\/wp\/v2\/posts\/183\/revisions"}],"predecessor-version":[{"id":907,"href":"https:\/\/technik-akademie-tuebingen.de\/2017\/wp-json\/wp\/v2\/posts\/183\/revisions\/907"}],"wp:attachment":[{"href":"https:\/\/technik-akademie-tuebingen.de\/2017\/wp-json\/wp\/v2\/media?parent=183"}],"wp:term":[{"taxonomy":"category","embeddable":true,"href":"https:\/\/technik-akademie-tuebingen.de\/2017\/wp-json\/wp\/v2\/categories?post=183"},{"taxonomy":"post_tag","embeddable":true,"href":"https:\/\/technik-akademie-tuebingen.de\/2017\/wp-json\/wp\/v2\/tags?post=183"}],"curies":[{"name":"wp","href":"https:\/\/api.w.org\/{rel}","templated":true}]}}