{"id":331,"date":"2017-03-01T12:00:10","date_gmt":"2017-03-01T11:00:10","guid":{"rendered":"http:\/\/technik-akademie-tuebingen.de\/2017\/?p=331"},"modified":"2017-03-01T15:47:30","modified_gmt":"2017-03-01T14:47:30","slug":"institut-dr-foerster-gmbh-co-kg","status":"publish","type":"post","link":"https:\/\/technik-akademie-tuebingen.de\/2017\/institut-dr-foerster-gmbh-co-kg\/","title":{"rendered":"Institut Dr. Foerster GmbH und Co. KG"},"content":{"rendered":"<p style=\"font-size: 17px;\"><img loading=\"lazy\" decoding=\"async\" class=\" wp-image-676 alignleft\" src=\"http:\/\/technik-akademie-tuebingen.de\/2017\/wp-content\/uploads\/2017\/02\/Foerster_Logo.jpg\" alt=\"\" width=\"186\" height=\"185\" srcset=\"https:\/\/technik-akademie-tuebingen.de\/2017\/wp-content\/uploads\/2017\/02\/Foerster_Logo.jpg 286w, https:\/\/technik-akademie-tuebingen.de\/2017\/wp-content\/uploads\/2017\/02\/Foerster_Logo-150x150.jpg 150w\" sizes=\"auto, (max-width: 186px) 100vw, 186px\" \/>Friedrich F\u00f6rster entdeckte 1937 den Einfluss des Erdmagnetfeldes auf die Pr\u00fcfspule der Testanordnung. So kam es 1948 zur Gr\u00fcndung des Instituts Dr. F\u00f6rster mit dem Ziel der Entwicklung industreigerechter Apparaturen. Martin F\u00f6rster f\u00fchrte das Familienunternehmen weiter und baute den Erfolg aus.<br \/>\nDas Unternehmen hat sich auf Halbzeugpr\u00fcfung, Komponentenpr\u00fcfung, Werstoffpr\u00fcfung, Magnetik und Detektion spezialisiert.<br \/>\nWir besuchten den Hauptsitz der Firma in Reutlingen. Es ist ein internationales Unternehmen mit Standorten auf der ganzen Welt, wie zum Beispiel den USA, China, Japan sowie Russland, Italien und vielen weiteren.<\/p>\n<p style=\"font-size: 17px;\">Das Projekt der Technik-Akademie Teilnehmer war es ein Sensor zu bauen, der es ihnen erm\u00f6glicht, Metalle auf Fehler, wie zum Beispiel kleine Risse oder \u00e4hnliches zu untersuchen. Die Jugendlichen mussten daf\u00fcr eine Drahtspule herstellen, auch das genaue L\u00f6ten war bei diesem Projekt sehr wichtig. Die Teilnehmer lernten dabei, zielstrebig und konzentriert an ihrem Projekt zu arbeiten und nahmen viele Erfahrungen aus diesem Projekt mit.<\/p>\n<p style=\"font-size: 17px;\"><div class=\"slider-wrapper theme-default\"><div class=\"ribbon\"><\/div><div id=\"nivoslider-8hDN4-679\" class=\"nivoSlider\" style=\"width:1000px;height:500px;\"><a  target=\"_blank\" href=\"http:\/\/technik-akademie-tuebingen.de\/2017\/foerster\/\"><img decoding=\"async\" src=\"https:\/\/technik-akademie-tuebingen.de\/2017\/wp-content\/uploads\/2017\/02\/Gruppe-1000x500.jpg\" alt=\"\" \/><\/a><img decoding=\"async\" src=\"https:\/\/technik-akademie-tuebingen.de\/2017\/wp-content\/uploads\/2017\/02\/DSC_0401-1000x500.jpg\" alt=\"\" \/><img decoding=\"async\" src=\"https:\/\/technik-akademie-tuebingen.de\/2017\/wp-content\/uploads\/2017\/02\/DSC_0368-1-1000x500.jpg\" alt=\"\" \/><img decoding=\"async\" src=\"https:\/\/technik-akademie-tuebingen.de\/2017\/wp-content\/uploads\/2017\/02\/DSC_0385-1000x500.jpg\" alt=\"\" \/><img decoding=\"async\" src=\"https:\/\/technik-akademie-tuebingen.de\/2017\/wp-content\/uploads\/2017\/02\/DSC_0399-1000x500.jpg\" alt=\"\" \/><img decoding=\"async\" src=\"https:\/\/technik-akademie-tuebingen.de\/2017\/wp-content\/uploads\/2017\/02\/DSC_0373-1-1000x500.jpg\" alt=\"\" \/><img decoding=\"async\" src=\"https:\/\/technik-akademie-tuebingen.de\/2017\/wp-content\/uploads\/2017\/02\/DSC_0386-1-1000x500.jpg\" alt=\"\" \/><img decoding=\"async\" src=\"https:\/\/technik-akademie-tuebingen.de\/2017\/wp-content\/uploads\/2017\/02\/DSC_0383-1-1000x500.jpg\" alt=\"\" \/><img decoding=\"async\" src=\"https:\/\/technik-akademie-tuebingen.de\/2017\/wp-content\/uploads\/2017\/02\/DSC_0378-1-1000x500.jpg\" alt=\"\" \/><img decoding=\"async\" src=\"https:\/\/technik-akademie-tuebingen.de\/2017\/wp-content\/uploads\/2017\/02\/DSC_0377-1-1000x500.jpg\" alt=\"\" \/><img decoding=\"async\" src=\"https:\/\/technik-akademie-tuebingen.de\/2017\/wp-content\/uploads\/2017\/02\/DSC_0376-1-1000x500.jpg\" alt=\"\" \/><img decoding=\"async\" src=\"https:\/\/technik-akademie-tuebingen.de\/2017\/wp-content\/uploads\/2017\/02\/DSC_0363-1-1000x500.jpg\" alt=\"\" \/><img decoding=\"async\" src=\"https:\/\/technik-akademie-tuebingen.de\/2017\/wp-content\/uploads\/2017\/02\/DSC_0370-1-1000x500.jpg\" alt=\"\" \/><img decoding=\"async\" src=\"https:\/\/technik-akademie-tuebingen.de\/2017\/wp-content\/uploads\/2017\/02\/DSC_0366-1-1000x500.jpg\" alt=\"\" \/><img decoding=\"async\" src=\"https:\/\/technik-akademie-tuebingen.de\/2017\/wp-content\/uploads\/2017\/02\/DSC_0365-1-1000x500.jpg\" alt=\"\" \/><img decoding=\"async\" src=\"https:\/\/technik-akademie-tuebingen.de\/2017\/wp-content\/uploads\/2017\/02\/DSC_0364-1-1000x500.jpg\" alt=\"\" \/><img decoding=\"async\" src=\"https:\/\/technik-akademie-tuebingen.de\/2017\/wp-content\/uploads\/2017\/02\/DSC_0402-1000x500.jpg\" alt=\"\" \/><\/div><\/div><script type=\"text\/javascript\">\nwindow.onload = function(){\n    jQuery(\"#nivoslider-8hDN4-679\").nivoSlider({\n        effect:\"fade\",\n        slices:15,\n        boxCols:8,\n        boxRows:4,\n        animSpeed:500,\n        pauseTime:3000,\n        startSlide:0,\n        directionNav:true,\n        controlNav:true,\n        controlNavThumbs:false,\n        pauseOnHover:true,\n        manualAdvance:false\n    });\n};\n<\/script>\n<\/p>\n<p>&nbsp;<\/p>\n<p><iframe loading=\"lazy\" src=\"\/\/content.jwplatform.com\/players\/86U7mVw7-cluESfex.html\" width=\"480\" height=\"270\" frameborder=\"0\" scrolling=\"auto\" allowfullscreen=\"allowfullscreen\"><\/iframe><\/p>\n<p><iframe loading=\"lazy\" src=\"\/\/content.jwplatform.com\/players\/Bgukk3Gv-cluESfex.html\" width=\"480\" height=\"270\" frameborder=\"0\" scrolling=\"auto\" allowfullscreen=\"allowfullscreen\"><\/iframe><\/p>\n","protected":false},"excerpt":{"rendered":"<p>Friedrich F\u00f6rster entdeckte 1937 den Einfluss des Erdmagnetfeldes auf die Pr\u00fcfspule der Testanordnung. So kam es 1948 zur Gr\u00fcndung des Instituts Dr. F\u00f6rster mit dem Ziel der Entwicklung industreigerechter Apparaturen. Martin F\u00f6rster f\u00fchrte das Familienunternehmen[&#8230;]<\/p>\n","protected":false},"author":1,"featured_media":0,"comment_status":"open","ping_status":"open","sticky":false,"template":"","format":"standard","meta":{"footnotes":""},"categories":[4],"tags":[],"class_list":["post-331","post","type-post","status-publish","format-standard","hentry","category-firmen"],"_links":{"self":[{"href":"https:\/\/technik-akademie-tuebingen.de\/2017\/wp-json\/wp\/v2\/posts\/331","targetHints":{"allow":["GET"]}}],"collection":[{"href":"https:\/\/technik-akademie-tuebingen.de\/2017\/wp-json\/wp\/v2\/posts"}],"about":[{"href":"https:\/\/technik-akademie-tuebingen.de\/2017\/wp-json\/wp\/v2\/types\/post"}],"author":[{"embeddable":true,"href":"https:\/\/technik-akademie-tuebingen.de\/2017\/wp-json\/wp\/v2\/users\/1"}],"replies":[{"embeddable":true,"href":"https:\/\/technik-akademie-tuebingen.de\/2017\/wp-json\/wp\/v2\/comments?post=331"}],"version-history":[{"count":24,"href":"https:\/\/technik-akademie-tuebingen.de\/2017\/wp-json\/wp\/v2\/posts\/331\/revisions"}],"predecessor-version":[{"id":698,"href":"https:\/\/technik-akademie-tuebingen.de\/2017\/wp-json\/wp\/v2\/posts\/331\/revisions\/698"}],"wp:attachment":[{"href":"https:\/\/technik-akademie-tuebingen.de\/2017\/wp-json\/wp\/v2\/media?parent=331"}],"wp:term":[{"taxonomy":"category","embeddable":true,"href":"https:\/\/technik-akademie-tuebingen.de\/2017\/wp-json\/wp\/v2\/categories?post=331"},{"taxonomy":"post_tag","embeddable":true,"href":"https:\/\/technik-akademie-tuebingen.de\/2017\/wp-json\/wp\/v2\/tags?post=331"}],"curies":[{"name":"wp","href":"https:\/\/api.w.org\/{rel}","templated":true}]}}