{"id":334,"date":"2017-03-01T09:00:43","date_gmt":"2017-03-01T08:00:43","guid":{"rendered":"http:\/\/technik-akademie-tuebingen.de\/2017\/?p=334"},"modified":"2017-03-01T15:47:03","modified_gmt":"2017-03-01T14:47:03","slug":"swr-suedwestrundfunk","status":"publish","type":"post","link":"https:\/\/technik-akademie-tuebingen.de\/2017\/swr-suedwestrundfunk\/","title":{"rendered":"SWR (S\u00fcdwestrundfunk)"},"content":{"rendered":"<p style=\"font-size: 17px;\"><img loading=\"lazy\" decoding=\"async\" class=\"size-medium wp-image-746 alignleft\" src=\"http:\/\/technik-akademie-tuebingen.de\/2017\/wp-content\/uploads\/2017\/03\/swr-300x168.jpg\" alt=\"\" width=\"300\" height=\"168\" \/>Der SWR (S\u00fcdwestrundfunk) ist die Landesfunkanstalt f\u00fcr Radio und Fernsehen des ARD f\u00fcr den S\u00fcdwesten Deutschlands. Von den 3800 festen und den vielen freien Mitarbeitern und Mitarbeiterinnen sind ca. 46% Frauen und 20% haben einen Migrationshintergrund. Die internationalit\u00e4t im Team spiegelt sich auch in der Berichterstattung wieder: Der SWR berichtet \u00fcber lokale, bundesweite, aber auch internationale Themen, hat dabei aber vor allem den S\u00fcdwesten im Blick. Das Studio in T\u00fcbingen ging am 24. Juli 1950 auf Sendung. Im Studio, das auf dem \u00d6sterberg beheimatet ist, sind auch Veranstaltungen wie Studiotalk oder &#8211; in enger Zusammenarbeit mit der Uni T\u00fcbingen &#8211; der T\u00fcbinger Mediendozentur m\u00f6glich.<\/p>\n<p style=\"font-size: 17px;\">Das Projekt der Gruppe bestand darin, einen Film zu drehen. Zur Zeit unseres Besuches wollten sie uns noch nichts Genaueres verraten. Das Ergebnis kann man am 3.3.2017 ab 16Uhr in der Aula Uhlandstra\u00dfe bestaunen.<\/p>\n<p style=\"font-size: 17px;\"><div class=\"slider-wrapper theme-default\"><div class=\"ribbon\"><\/div><div id=\"nivoslider-FSwad-706\" class=\"nivoSlider\" style=\"width:1000px;height:500px;\"><a  target=\"_blank\" href=\"http:\/\/technik-akademie-tuebingen.de\/2017\/?p=376\"><img decoding=\"async\" src=\"https:\/\/technik-akademie-tuebingen.de\/2017\/wp-content\/uploads\/2017\/03\/DSC_0428-1000x500.jpg\" alt=\"\" \/><\/a><img decoding=\"async\" src=\"https:\/\/technik-akademie-tuebingen.de\/2017\/wp-content\/uploads\/2017\/03\/DSC_0409-1000x500.jpg\" alt=\"\" \/><img decoding=\"async\" src=\"https:\/\/technik-akademie-tuebingen.de\/2017\/wp-content\/uploads\/2017\/03\/DSC_0407-1000x500.jpg\" alt=\"\" \/><img decoding=\"async\" src=\"https:\/\/technik-akademie-tuebingen.de\/2017\/wp-content\/uploads\/2017\/03\/DSC_0432-1000x500.jpg\" alt=\"\" \/><img decoding=\"async\" src=\"https:\/\/technik-akademie-tuebingen.de\/2017\/wp-content\/uploads\/2017\/03\/DSC_0434-1000x500.jpg\" alt=\"\" \/><img decoding=\"async\" src=\"https:\/\/technik-akademie-tuebingen.de\/2017\/wp-content\/uploads\/2017\/03\/DSC_0435-1000x500.jpg\" alt=\"\" \/><img decoding=\"async\" src=\"https:\/\/technik-akademie-tuebingen.de\/2017\/wp-content\/uploads\/2017\/03\/DSC_0436-1000x500.jpg\" alt=\"\" \/><\/div><\/div><script type=\"text\/javascript\">\nwindow.onload = function(){\n    jQuery(\"#nivoslider-FSwad-706\").nivoSlider({\n        effect:\"fade\",\n        slices:15,\n        boxCols:8,\n        boxRows:4,\n        animSpeed:500,\n        pauseTime:3000,\n        startSlide:0,\n        directionNav:true,\n        controlNav:true,\n        controlNavThumbs:false,\n        pauseOnHover:true,\n        manualAdvance:false\n    });\n};\n<\/script>\n<\/p>\n<p><iframe loading=\"lazy\" src=\"\/\/content.jwplatform.com\/players\/8bHxMM4p-cluESfex.html\" width=\"480\" height=\"270\" frameborder=\"0\" scrolling=\"auto\" allowfullscreen=\"allowfullscreen\"><\/iframe><\/p>\n<p><iframe loading=\"lazy\" src=\"\/\/content.jwplatform.com\/players\/1cXjEkA4-cluESfex.html\" width=\"480\" height=\"270\" frameborder=\"0\" scrolling=\"auto\" allowfullscreen=\"allowfullscreen\"><\/iframe><\/p>\n","protected":false},"excerpt":{"rendered":"<p>Der SWR (S\u00fcdwestrundfunk) ist die Landesfunkanstalt f\u00fcr Radio und Fernsehen des ARD f\u00fcr den S\u00fcdwesten Deutschlands. Von den 3800 festen und den vielen freien Mitarbeitern und Mitarbeiterinnen sind ca. 46% Frauen und 20% haben einen[&#8230;]<\/p>\n","protected":false},"author":1,"featured_media":0,"comment_status":"open","ping_status":"open","sticky":false,"template":"","format":"standard","meta":{"footnotes":""},"categories":[4],"tags":[],"class_list":["post-334","post","type-post","status-publish","format-standard","hentry","category-firmen"],"_links":{"self":[{"href":"https:\/\/technik-akademie-tuebingen.de\/2017\/wp-json\/wp\/v2\/posts\/334","targetHints":{"allow":["GET"]}}],"collection":[{"href":"https:\/\/technik-akademie-tuebingen.de\/2017\/wp-json\/wp\/v2\/posts"}],"about":[{"href":"https:\/\/technik-akademie-tuebingen.de\/2017\/wp-json\/wp\/v2\/types\/post"}],"author":[{"embeddable":true,"href":"https:\/\/technik-akademie-tuebingen.de\/2017\/wp-json\/wp\/v2\/users\/1"}],"replies":[{"embeddable":true,"href":"https:\/\/technik-akademie-tuebingen.de\/2017\/wp-json\/wp\/v2\/comments?post=334"}],"version-history":[{"count":20,"href":"https:\/\/technik-akademie-tuebingen.de\/2017\/wp-json\/wp\/v2\/posts\/334\/revisions"}],"predecessor-version":[{"id":750,"href":"https:\/\/technik-akademie-tuebingen.de\/2017\/wp-json\/wp\/v2\/posts\/334\/revisions\/750"}],"wp:attachment":[{"href":"https:\/\/technik-akademie-tuebingen.de\/2017\/wp-json\/wp\/v2\/media?parent=334"}],"wp:term":[{"taxonomy":"category","embeddable":true,"href":"https:\/\/technik-akademie-tuebingen.de\/2017\/wp-json\/wp\/v2\/categories?post=334"},{"taxonomy":"post_tag","embeddable":true,"href":"https:\/\/technik-akademie-tuebingen.de\/2017\/wp-json\/wp\/v2\/tags?post=334"}],"curies":[{"name":"wp","href":"https:\/\/api.w.org\/{rel}","templated":true}]}}