{"id":93,"date":"2017-02-27T11:30:53","date_gmt":"2017-02-27T10:30:53","guid":{"rendered":"http:\/\/technik-akademie-tuebingen.de\/2017\/?p=93"},"modified":"2017-03-01T15:22:40","modified_gmt":"2017-03-01T14:22:40","slug":"botanischer-garten","status":"publish","type":"post","link":"https:\/\/technik-akademie-tuebingen.de\/2017\/botanischer-garten\/","title":{"rendered":"Botanischer Garten"},"content":{"rendered":"<div>\n<div style=\"float: left; width: 18%;\">\n<p><img loading=\"lazy\" decoding=\"async\" class=\"size-medium wp-image-203 align-left-bottom alignleft\" src=\"http:\/\/technik-akademie-tuebingen.de\/2017\/wp-content\/uploads\/2017\/02\/Technik-Akademie-2017-063-201x300.jpg\" alt=\"\" width=\"201\" height=\"300\" srcset=\"https:\/\/technik-akademie-tuebingen.de\/2017\/wp-content\/uploads\/2017\/02\/Technik-Akademie-2017-063-201x300.jpg 201w, https:\/\/technik-akademie-tuebingen.de\/2017\/wp-content\/uploads\/2017\/02\/Technik-Akademie-2017-063-768x1147.jpg 768w, https:\/\/technik-akademie-tuebingen.de\/2017\/wp-content\/uploads\/2017\/02\/Technik-Akademie-2017-063-685x1024.jpg 685w, https:\/\/technik-akademie-tuebingen.de\/2017\/wp-content\/uploads\/2017\/02\/Technik-Akademie-2017-063-370x553.jpg 370w, https:\/\/technik-akademie-tuebingen.de\/2017\/wp-content\/uploads\/2017\/02\/Technik-Akademie-2017-063-1040x1554.jpg 1040w\" sizes=\"auto, (max-width: 201px) 100vw, 201px\" \/><\/p>\n<p><img loading=\"lazy\" decoding=\"async\" class=\"size-medium wp-image-23 align-left alignleft\" src=\"http:\/\/technik-akademie-tuebingen.de\/2017\/wp-content\/uploads\/2017\/02\/Technik-Akademie-2017-089-201x300.jpg\" alt=\"\" width=\"201\" height=\"300\" srcset=\"https:\/\/technik-akademie-tuebingen.de\/2017\/wp-content\/uploads\/2017\/02\/Technik-Akademie-2017-089-201x300.jpg 201w, https:\/\/technik-akademie-tuebingen.de\/2017\/wp-content\/uploads\/2017\/02\/Technik-Akademie-2017-089-768x1147.jpg 768w, https:\/\/technik-akademie-tuebingen.de\/2017\/wp-content\/uploads\/2017\/02\/Technik-Akademie-2017-089-685x1024.jpg 685w\" sizes=\"auto, (max-width: 201px) 100vw, 201px\" \/><\/p>\n<\/div>\n<div style=\"float: left; width: 2%;\">\n<p>&nbsp;<\/p>\n<\/div>\n<div style=\"float: left; width: 80%;\">\n<p style=\"font-size: 17px;\">Nach dem Besuch in der Universit\u00e4t T\u00fcbingen sind wir in den Neuen Botanischen Garten gegangen. Auf den 10 Hektar, die in die verschiedenen Lebensbereiche der Pflanzen gegliedert sind, gab es aufgrund des Winters im Au\u00dfenbereich leider nicht so viele bl\u00fchende Pflanzen. Daf\u00fcr gab es in den Gew\u00e4chsh\u00e4usern, die die Themen Regenwald und W\u00fcste haben, umso mehr Bl\u00fcten zu sehen.<br \/>\n<div class=\"slider-wrapper theme-default\"><div class=\"ribbon\"><\/div><div id=\"nivoslider-cE8VS-157\" class=\"nivoSlider\" style=\"width:717px;height:480px;\"><img decoding=\"async\" src=\"https:\/\/technik-akademie-tuebingen.de\/2017\/wp-content\/uploads\/2017\/02\/Technik-Akademie-2017-091-717x480.jpg\" alt=\"\" \/><img decoding=\"async\" src=\"https:\/\/technik-akademie-tuebingen.de\/2017\/wp-content\/uploads\/2017\/02\/Technik-Akademie-2017-061-717x480.jpg\" alt=\"\" \/><img decoding=\"async\" src=\"https:\/\/technik-akademie-tuebingen.de\/2017\/wp-content\/uploads\/2017\/02\/Technik-Akademie-2017-065-717x480.jpg\" alt=\"\" \/><img decoding=\"async\" src=\"https:\/\/technik-akademie-tuebingen.de\/2017\/wp-content\/uploads\/2017\/02\/Technik-Akademie-2017-066-717x480.jpg\" alt=\"\" \/><img decoding=\"async\" src=\"https:\/\/technik-akademie-tuebingen.de\/2017\/wp-content\/uploads\/2017\/02\/Technik-Akademie-2017-071-717x480.jpg\" alt=\"\" \/><img decoding=\"async\" src=\"https:\/\/technik-akademie-tuebingen.de\/2017\/wp-content\/uploads\/2017\/02\/Technik-Akademie-2017-078-717x480.jpg\" alt=\"\" \/><img decoding=\"async\" src=\"https:\/\/technik-akademie-tuebingen.de\/2017\/wp-content\/uploads\/2017\/02\/Technik-Akademie-2017-090-717x480.jpg\" alt=\"\" \/><img decoding=\"async\" src=\"https:\/\/technik-akademie-tuebingen.de\/2017\/wp-content\/uploads\/2017\/02\/Technik-Akademie-2017-070-717x480.jpg\" alt=\"\" \/><\/div><\/div><script type=\"text\/javascript\">\nwindow.onload = function(){\n    jQuery(\"#nivoslider-cE8VS-157\").nivoSlider({\n        effect:\"fade\",\n        slices:15,\n        boxCols:8,\n        boxRows:4,\n        animSpeed:300,\n        pauseTime:5000,\n        startSlide:0,\n        directionNav:true,\n        controlNav:true,\n        controlNavThumbs:false,\n        pauseOnHover:true,\n        manualAdvance:false\n    });\n};\n<\/script>\n<\/p>\n<\/div>\n<\/div>\n","protected":false},"excerpt":{"rendered":"<p>&nbsp; Nach dem Besuch in der Universit\u00e4t T\u00fcbingen sind wir in den Neuen Botanischen Garten gegangen. Auf den 10 Hektar, die in die verschiedenen Lebensbereiche der Pflanzen gegliedert sind, gab es aufgrund des Winters im[&#8230;]<\/p>\n","protected":false},"author":1,"featured_media":0,"comment_status":"open","ping_status":"open","sticky":false,"template":"","format":"standard","meta":{"footnotes":""},"categories":[6],"tags":[],"class_list":["post-93","post","type-post","status-publish","format-standard","hentry","category-rahmenprogramm"],"_links":{"self":[{"href":"https:\/\/technik-akademie-tuebingen.de\/2017\/wp-json\/wp\/v2\/posts\/93","targetHints":{"allow":["GET"]}}],"collection":[{"href":"https:\/\/technik-akademie-tuebingen.de\/2017\/wp-json\/wp\/v2\/posts"}],"about":[{"href":"https:\/\/technik-akademie-tuebingen.de\/2017\/wp-json\/wp\/v2\/types\/post"}],"author":[{"embeddable":true,"href":"https:\/\/technik-akademie-tuebingen.de\/2017\/wp-json\/wp\/v2\/users\/1"}],"replies":[{"embeddable":true,"href":"https:\/\/technik-akademie-tuebingen.de\/2017\/wp-json\/wp\/v2\/comments?post=93"}],"version-history":[{"count":50,"href":"https:\/\/technik-akademie-tuebingen.de\/2017\/wp-json\/wp\/v2\/posts\/93\/revisions"}],"predecessor-version":[{"id":735,"href":"https:\/\/technik-akademie-tuebingen.de\/2017\/wp-json\/wp\/v2\/posts\/93\/revisions\/735"}],"wp:attachment":[{"href":"https:\/\/technik-akademie-tuebingen.de\/2017\/wp-json\/wp\/v2\/media?parent=93"}],"wp:term":[{"taxonomy":"category","embeddable":true,"href":"https:\/\/technik-akademie-tuebingen.de\/2017\/wp-json\/wp\/v2\/categories?post=93"},{"taxonomy":"post_tag","embeddable":true,"href":"https:\/\/technik-akademie-tuebingen.de\/2017\/wp-json\/wp\/v2\/tags?post=93"}],"curies":[{"name":"wp","href":"https:\/\/api.w.org\/{rel}","templated":true}]}}