{"id":98,"date":"2017-02-27T11:40:12","date_gmt":"2017-02-27T10:40:12","guid":{"rendered":"http:\/\/technik-akademie-tuebingen.de\/2017\/?p=98"},"modified":"2017-03-02T11:52:10","modified_gmt":"2017-03-02T10:52:10","slug":"uni-tuebingen-institut-fuer-anorganische-chemie","status":"publish","type":"post","link":"https:\/\/technik-akademie-tuebingen.de\/2017\/uni-tuebingen-institut-fuer-anorganische-chemie\/","title":{"rendered":"Uni T\u00fcbingen &#8211; Institut f\u00fcr Anorganische Chemie"},"content":{"rendered":"<p style=\"font-size: 17px;\"><img loading=\"lazy\" decoding=\"async\" class=\"size-medium wp-image-14 alignleft\" src=\"http:\/\/technik-akademie-tuebingen.de\/2017\/wp-content\/uploads\/2017\/02\/Technik-Akademie-2017-028-300x201.jpg\" alt=\"\" width=\"300\" height=\"201\" srcset=\"https:\/\/technik-akademie-tuebingen.de\/2017\/wp-content\/uploads\/2017\/02\/Technik-Akademie-2017-028-300x201.jpg 300w, https:\/\/technik-akademie-tuebingen.de\/2017\/wp-content\/uploads\/2017\/02\/Technik-Akademie-2017-028-768x514.jpg 768w, https:\/\/technik-akademie-tuebingen.de\/2017\/wp-content\/uploads\/2017\/02\/Technik-Akademie-2017-028-1024x685.jpg 1024w, https:\/\/technik-akademie-tuebingen.de\/2017\/wp-content\/uploads\/2017\/02\/Technik-Akademie-2017-028-840x560.jpg 840w, https:\/\/technik-akademie-tuebingen.de\/2017\/wp-content\/uploads\/2017\/02\/Technik-Akademie-2017-028-120x80.jpg 120w, https:\/\/technik-akademie-tuebingen.de\/2017\/wp-content\/uploads\/2017\/02\/Technik-Akademie-2017-028-360x240.jpg 360w, https:\/\/technik-akademie-tuebingen.de\/2017\/wp-content\/uploads\/2017\/02\/Technik-Akademie-2017-028-600x400.jpg 600w, https:\/\/technik-akademie-tuebingen.de\/2017\/wp-content\/uploads\/2017\/02\/Technik-Akademie-2017-028-480x320.jpg 480w\" sizes=\"auto, (max-width: 300px) 100vw, 300px\" \/>Nach einer ersten Besprechung in den einzelnen Gruppen sind wir gegen Mittag des ersten Tages in die Uni T\u00fcbingen gegangen. Dort haben wir Prof. Dr. Hermann A. Mayer getroffen, der uns viel Interessantes \u00fcber die anorganische Chemie, speziell Kieselgel, erz\u00e4hlt hat.<img loading=\"lazy\" decoding=\"async\" class=\"size-medium wp-image-15 alignright\" src=\"http:\/\/technik-akademie-tuebingen.de\/2017\/wp-content\/uploads\/2017\/02\/Technik-Akademie-2017-033-300x201.jpg\" alt=\"\" width=\"300\" height=\"201\" srcset=\"https:\/\/technik-akademie-tuebingen.de\/2017\/wp-content\/uploads\/2017\/02\/Technik-Akademie-2017-033-300x201.jpg 300w, https:\/\/technik-akademie-tuebingen.de\/2017\/wp-content\/uploads\/2017\/02\/Technik-Akademie-2017-033-768x514.jpg 768w, https:\/\/technik-akademie-tuebingen.de\/2017\/wp-content\/uploads\/2017\/02\/Technik-Akademie-2017-033-1024x685.jpg 1024w, https:\/\/technik-akademie-tuebingen.de\/2017\/wp-content\/uploads\/2017\/02\/Technik-Akademie-2017-033-840x560.jpg 840w, https:\/\/technik-akademie-tuebingen.de\/2017\/wp-content\/uploads\/2017\/02\/Technik-Akademie-2017-033-120x80.jpg 120w, https:\/\/technik-akademie-tuebingen.de\/2017\/wp-content\/uploads\/2017\/02\/Technik-Akademie-2017-033-360x240.jpg 360w, https:\/\/technik-akademie-tuebingen.de\/2017\/wp-content\/uploads\/2017\/02\/Technik-Akademie-2017-033-600x400.jpg 600w, https:\/\/technik-akademie-tuebingen.de\/2017\/wp-content\/uploads\/2017\/02\/Technik-Akademie-2017-033-480x320.jpg 480w\" sizes=\"auto, (max-width: 300px) 100vw, 300px\" \/>Zum Beispiel, dass in vielen Ketchup-Sorten Kieselgel enthalten ist, um die Flie\u00dfeigenschaften zu verbessern. Von ihm haben wir anschlie\u00dfend auch eine F\u00fchrung durch die Labore der Universit\u00e4t bekommen.<\/p>\n","protected":false},"excerpt":{"rendered":"<p>Nach einer ersten Besprechung in den einzelnen Gruppen sind wir gegen Mittag des ersten Tages in die Uni T\u00fcbingen gegangen. Dort haben wir Prof. Dr. Hermann A. Mayer getroffen, der uns viel Interessantes \u00fcber die[&#8230;]<\/p>\n","protected":false},"author":1,"featured_media":0,"comment_status":"open","ping_status":"open","sticky":false,"template":"","format":"standard","meta":{"footnotes":""},"categories":[6],"tags":[],"class_list":["post-98","post","type-post","status-publish","format-standard","hentry","category-rahmenprogramm"],"_links":{"self":[{"href":"https:\/\/technik-akademie-tuebingen.de\/2017\/wp-json\/wp\/v2\/posts\/98","targetHints":{"allow":["GET"]}}],"collection":[{"href":"https:\/\/technik-akademie-tuebingen.de\/2017\/wp-json\/wp\/v2\/posts"}],"about":[{"href":"https:\/\/technik-akademie-tuebingen.de\/2017\/wp-json\/wp\/v2\/types\/post"}],"author":[{"embeddable":true,"href":"https:\/\/technik-akademie-tuebingen.de\/2017\/wp-json\/wp\/v2\/users\/1"}],"replies":[{"embeddable":true,"href":"https:\/\/technik-akademie-tuebingen.de\/2017\/wp-json\/wp\/v2\/comments?post=98"}],"version-history":[{"count":21,"href":"https:\/\/technik-akademie-tuebingen.de\/2017\/wp-json\/wp\/v2\/posts\/98\/revisions"}],"predecessor-version":[{"id":823,"href":"https:\/\/technik-akademie-tuebingen.de\/2017\/wp-json\/wp\/v2\/posts\/98\/revisions\/823"}],"wp:attachment":[{"href":"https:\/\/technik-akademie-tuebingen.de\/2017\/wp-json\/wp\/v2\/media?parent=98"}],"wp:term":[{"taxonomy":"category","embeddable":true,"href":"https:\/\/technik-akademie-tuebingen.de\/2017\/wp-json\/wp\/v2\/categories?post=98"},{"taxonomy":"post_tag","embeddable":true,"href":"https:\/\/technik-akademie-tuebingen.de\/2017\/wp-json\/wp\/v2\/tags?post=98"}],"curies":[{"name":"wp","href":"https:\/\/api.w.org\/{rel}","templated":true}]}}